{"id":188077,"date":"2024-03-29T08:45:53","date_gmt":"2024-03-29T07:45:53","guid":{"rendered":"https:\/\/ristorantesolferino.com\/pasqua-2024-a-torino-al-ristorante-solferino\/"},"modified":"2025-11-05T12:35:05","modified_gmt":"2025-11-05T11:35:05","slug":"pasqua-2024-a-torino-al-ristorante-solferino","status":"publish","type":"post","link":"https:\/\/ristorantesolferino.com\/fr\/pasqua-2024-a-torino-al-ristorante-solferino\/","title":{"rendered":"Pasqua 2024 a Torino"},"content":{"rendered":"<p>La Pasqua in Piemonte \u00e8 un evento che celebra non solo il significato religioso, ma anche la ricchezza e la diversit\u00e0 della cucina regionale e la voglia di riunirsi con gli affetti per momenti di spensieratezza e di allegria.<\/p>\n<p>Ma questo ponte pasquale rappresenter\u00e0 anche la possibilit\u00e0 di vedere mostre, visitare luoghi, ammirare opere.<\/p>\n<p>Per un weekend pasquale indimenticabile a Torino, ecco allora cinque imperdibili attivit\u00e0:<\/p>\n<ul>\n<li><strong>Pranzo o cena al Ristorante Solferino<\/strong>: Un&rsquo;istituzione culinaria a Torino. Con un men\u00f9 che celebra la ricchezza della cucina piemontese, il Ristorante Solferino offre un ambiente elegante e piatti raffinati, perfetti per concludere il tuo weekend pasquale\u200b. I nostri orari in questo ponte pasquale? Da sabato a luned\u00ec, a pranzo 12.45-14.30, a cena 19.30-22.30.<\/li>\n<\/ul>\n<p><img loading=\"lazy\" decoding=\"async\" class=\"alignnone size-full wp-image-183397\" src=\"https:\/\/ristorantesolferino.com\/wp-content\/uploads\/Orari.jpeg\" alt=\"\" width=\"1200\" height=\"1200\" srcset=\"https:\/\/ristorantesolferino.com\/wp-content\/uploads\/Orari.jpeg 1200w, https:\/\/ristorantesolferino.com\/wp-content\/uploads\/Orari-980x980.jpeg 980w, https:\/\/ristorantesolferino.com\/wp-content\/uploads\/Orari-480x480.jpeg 480w\" sizes=\"(min-width: 0px) and (max-width: 480px) 480px, (min-width: 481px) and (max-width: 980px) 980px, (min-width: 981px) 1200px, 100vw\" \/><\/p>\n<ul>\n<li><strong>Visita alla Mostra di Tim Burton al Museo Nazionale del Cinema<\/strong>: Situata nella suggestiva Mole Antonelliana, questa mostra offre un viaggio esclusivo nell&rsquo;universo visionario di Tim Burton. Potrai immergerti in oltre 500 opere d&rsquo;arte originali che spaziano dai suoi esordi fino ai progetti pi\u00f9 recenti, tra cui schizzi, dipinti, disegni, fotografie, concept art, storyboard, costumi e molto altro. \u00c8 un\u2019occasione unica per esplorare la creativit\u00e0 di questo iconico regista\u200b.<\/li>\n<\/ul>\n<p><img loading=\"lazy\" decoding=\"async\" class=\"alignnone size-full wp-image-183394\" src=\"https:\/\/ristorantesolferino.com\/wp-content\/uploads\/tim.jpeg\" alt=\"\" width=\"2048\" height=\"2048\" srcset=\"https:\/\/ristorantesolferino.com\/wp-content\/uploads\/tim.jpeg 2048w, https:\/\/ristorantesolferino.com\/wp-content\/uploads\/tim-1280x1280.jpeg 1280w, https:\/\/ristorantesolferino.com\/wp-content\/uploads\/tim-980x980.jpeg 980w, https:\/\/ristorantesolferino.com\/wp-content\/uploads\/tim-480x480.jpeg 480w\" sizes=\"(min-width: 0px) and (max-width: 480px) 480px, (min-width: 481px) and (max-width: 980px) 980px, (min-width: 981px) and (max-width: 1280px) 1280px, (min-width: 1281px) 2048px, 100vw\" \/><\/p>\n<ul>\n<li><strong>Esplorazione della Mostra di Hayez alla Galleria d&rsquo;Arte Moderna (GAM)<\/strong>: La mostra offre una prospettiva unica sull&rsquo;arte e la tecnica di Francesco Hayez, uno dei massimi esponenti del Romanticismo italiano, noto per \u201cIl bacio\u201d. Aperta fino al 1\u00b0 aprile 2024, l&rsquo;esposizione esplora l&rsquo;intera carriera di Hayez, da Venezia e Roma, dove ha ricevuto il sostegno di Canova, fino ai suoi successi a Milano. Attraverso dieci sezioni disposte in ordine cronologico, il visitatore viene guidato attraverso le diverse fasi della vita artistica di Hayez. Con oltre 100 opere tra dipinti e disegni provenienti da collezioni pubbliche e private, incluso un nucleo significativo dell&rsquo;Accademia di Belle Arti di Brera, la mostra offre uno sguardo approfondito sulla tecnica e i segreti di Hayez, svelando le influenze e le ispirazioni dietro le sue creazioni.<\/li>\n<\/ul>\n<p><img loading=\"lazy\" decoding=\"async\" class=\"alignnone size-full wp-image-183395\" src=\"https:\/\/ristorantesolferino.com\/wp-content\/uploads\/Hayez.jpeg\" alt=\"\" width=\"2048\" height=\"2048\" srcset=\"https:\/\/ristorantesolferino.com\/wp-content\/uploads\/Hayez.jpeg 2048w, https:\/\/ristorantesolferino.com\/wp-content\/uploads\/Hayez-1280x1280.jpeg 1280w, https:\/\/ristorantesolferino.com\/wp-content\/uploads\/Hayez-980x980.jpeg 980w, https:\/\/ristorantesolferino.com\/wp-content\/uploads\/Hayez-480x480.jpeg 480w\" sizes=\"(min-width: 0px) and (max-width: 480px) 480px, (min-width: 481px) and (max-width: 980px) 980px, (min-width: 981px) and (max-width: 1280px) 1280px, (min-width: 1281px) 2048px, 100vw\" \/><\/p>\n<ul>\n<li><strong>Ammirazione dell&rsquo;Autoritratto Misterioso di Leonardo<\/strong>: Fino al 30 giugno i Musei Reali ospitano \u201cL\u2019autoritratto di Leonardo. Storia e contemporaneit\u00e0 di un capolavoro\u201d. Oltre al famoso autoritratto, la mostra offre l&rsquo;opportunit\u00e0 unica di ammirare pi\u00f9 di 60 opere, di cui 15 originali di Leonardo stesso. Tra queste, spiccano sei fogli del Codice Atlantico, realizzati durante il suo soggiorno in Francia, nello stesso periodo in cui veniva disegnato l&rsquo;autoritratto. La mostra \u00e8 arricchita da una serie di prestiti significativi che offrono testimonianze originali dell&rsquo;attivit\u00e0 di Leonardo negli ultimi anni della sua vita, un periodo di intensa creativit\u00e0 e sperimentazione.<\/li>\n<\/ul>\n<p><img loading=\"lazy\" decoding=\"async\" class=\"alignnone size-full wp-image-183396\" src=\"https:\/\/ristorantesolferino.com\/wp-content\/uploads\/Lautoritratto-di-Leonardo-da-Vinci-e1704405594304.jpg\" alt=\"\" width=\"965\" height=\"400\" srcset=\"https:\/\/ristorantesolferino.com\/wp-content\/uploads\/Lautoritratto-di-Leonardo-da-Vinci-e1704405594304.jpg 965w, https:\/\/ristorantesolferino.com\/wp-content\/uploads\/Lautoritratto-di-Leonardo-da-Vinci-e1704405594304-480x199.jpg 480w\" sizes=\"(min-width: 0px) and (max-width: 480px) 480px, (min-width: 481px) 965px, 100vw\" \/><\/p>\n<ul>\n<li><strong>Passeggiata nella Reggia di Venaria Reale per Ammirare i ciliegi in Fiore<\/strong>: Con l\u2019arrivo della Primavera i ciliegi dei Giardini della Reggia di Venaria fioriscono, regalando scenari da sogno tra i le geometrie del Parco basso e le montagne sullo sfondo. Le previsioni meteo non sono top per questo fine settimana, ma potrebbe essere la Pasquetta il giorno giusto per ammirare lo splendido panorama.<\/li>\n<\/ul>\n<p>Ciliegi in fiore e Potager Royal nei Giardini della Reggia di Venaria &#8211; Foto di Dario Fusaro<img loading=\"lazy\" decoding=\"async\" class=\"alignnone size-full wp-image-183398\" src=\"https:\/\/ristorantesolferino.com\/wp-content\/uploads\/ciliegi_e_potager_dario_fusaro_60A2949.jpg\" alt=\"\" width=\"1024\" height=\"683\" srcset=\"https:\/\/ristorantesolferino.com\/wp-content\/uploads\/ciliegi_e_potager_dario_fusaro_60A2949.jpg 1024w, https:\/\/ristorantesolferino.com\/wp-content\/uploads\/ciliegi_e_potager_dario_fusaro_60A2949-980x654.jpg 980w, https:\/\/ristorantesolferino.com\/wp-content\/uploads\/ciliegi_e_potager_dario_fusaro_60A2949-480x320.jpg 480w\" sizes=\"(min-width: 0px) and (max-width: 480px) 480px, (min-width: 481px) and (max-width: 980px) 980px, (min-width: 981px) 1024px, 100vw\" \/><\/p>\n","protected":false},"excerpt":{"rendered":"<p>La Pasqua in Piemonte \u00e8 un evento che celebra non solo il significato religioso, ma anche la ricchezza e la diversit\u00e0 della cucina regionale e la voglia di riunirsi con gli affetti per momenti di spensieratezza e di allegria. Ma questo ponte pasquale rappresenter\u00e0 anche la possibilit\u00e0 di vedere mostre, visitare luoghi, ammirare opere. Per [&hellip;]<\/p>\n","protected":false},"author":2,"featured_media":185367,"comment_status":"closed","ping_status":"open","sticky":false,"template":"","format":"standard","meta":{"_acf_changed":false,"_et_pb_use_builder":"","_et_pb_old_content":"","_et_gb_content_width":"","ngg_post_thumbnail":0,"footnotes":""},"categories":[243],"tags":[319,320,321,295,322,307,323],"class_list":["post-188077","post","type-post","status-publish","format-standard","has-post-thumbnail","hentry","category-non-classifiee","tag-autoritratto-leonardo-fr","tag-hayez-fr","tag-pasqua-2024-fr","tag-ristorante-solferino-fr","tag-tim-burton-fr","tag-torino-fr","tag-venaria-reale-fr"],"acf":[],"yoast_head":"<!-- This site is optimized with the Yoast SEO plugin v27.4 - https:\/\/yoast.com\/product\/yoast-seo-wordpress\/ -->\n<title>Pasqua 2024 a Torino - Ristorante Solferino - Cucina Piemontese Torino<\/title>\n<meta name=\"robots\" content=\"index, follow, max-snippet:-1, max-image-preview:large, max-video-preview:-1\" \/>\n<link rel=\"canonical\" href=\"https:\/\/ristorantesolferino.com\/fr\/pasqua-2024-a-torino-al-ristorante-solferino\/\" \/>\n<meta property=\"og:locale\" content=\"fr_FR\" \/>\n<meta property=\"og:type\" content=\"article\" \/>\n<meta property=\"og:title\" content=\"Pasqua 2024 a Torino - Ristorante Solferino - Cucina Piemontese Torino\" \/>\n<meta property=\"og:description\" content=\"La Pasqua in Piemonte \u00e8 un evento che celebra non solo il significato religioso, ma anche la ricchezza e la diversit\u00e0 della cucina regionale e la voglia di riunirsi con gli affetti per momenti di spensieratezza e di allegria. Ma questo ponte pasquale rappresenter\u00e0 anche la possibilit\u00e0 di vedere mostre, visitare luoghi, ammirare opere. Per [&hellip;]\" \/>\n<meta property=\"og:site_name\" content=\"Ristorante Solferino - Cucina Piemontese Torino\" \/>\n<meta property=\"article:publisher\" content=\"https:\/\/www.facebook.com\/@ristorantesolferino\" \/>\n<meta property=\"article:published_time\" content=\"2024-03-29T07:45:53+00:00\" \/>\n<meta property=\"article:modified_time\" content=\"2025-11-05T11:35:05+00:00\" \/>\n<meta property=\"og:image\" content=\"https:\/\/ristorantesolferino.com\/wp-content\/uploads\/Fontana.jpeg\" \/>\n\t<meta property=\"og:image:width\" content=\"1600\" \/>\n\t<meta property=\"og:image:height\" content=\"974\" \/>\n\t<meta property=\"og:image:type\" content=\"image\/jpeg\" \/>\n<meta name=\"author\" content=\"Mario Antonaci\" \/>\n<meta name=\"twitter:card\" content=\"summary_large_image\" \/>\n<meta name=\"twitter:label1\" content=\"\u00c9crit par\" \/>\n\t<meta name=\"twitter:data1\" content=\"Mario Antonaci\" \/>\n\t<meta name=\"twitter:label2\" content=\"Dur\u00e9e de lecture estim\u00e9e\" \/>\n\t<meta name=\"twitter:data2\" content=\"4 minutes\" \/>\n<script type=\"application\/ld+json\" class=\"yoast-schema-graph\">{\"@context\":\"https:\\\/\\\/schema.org\",\"@graph\":[{\"@type\":\"Article\",\"@id\":\"https:\\\/\\\/ristorantesolferino.com\\\/fr\\\/pasqua-2024-a-torino-al-ristorante-solferino\\\/#article\",\"isPartOf\":{\"@id\":\"https:\\\/\\\/ristorantesolferino.com\\\/fr\\\/pasqua-2024-a-torino-al-ristorante-solferino\\\/\"},\"author\":{\"name\":\"Mario Antonaci\",\"@id\":\"https:\\\/\\\/ristorantesolferino.com\\\/fr\\\/#\\\/schema\\\/person\\\/3f7ccaa4ec87696f81dac9951cef870b\"},\"headline\":\"Pasqua 2024 a Torino\",\"datePublished\":\"2024-03-29T07:45:53+00:00\",\"dateModified\":\"2025-11-05T11:35:05+00:00\",\"mainEntityOfPage\":{\"@id\":\"https:\\\/\\\/ristorantesolferino.com\\\/fr\\\/pasqua-2024-a-torino-al-ristorante-solferino\\\/\"},\"wordCount\":505,\"publisher\":{\"@id\":\"https:\\\/\\\/ristorantesolferino.com\\\/fr\\\/#organization\"},\"image\":{\"@id\":\"https:\\\/\\\/ristorantesolferino.com\\\/fr\\\/pasqua-2024-a-torino-al-ristorante-solferino\\\/#primaryimage\"},\"thumbnailUrl\":\"https:\\\/\\\/ristorantesolferino.com\\\/wp-content\\\/uploads\\\/Fontana.jpeg\",\"keywords\":[\"Autoritratto Leonardo\",\"Hayez\",\"Pasqua 2024\",\"Ristorante Solferino\",\"Tim Burton\",\"Torino\",\"Venaria Reale\"],\"articleSection\":[\"Non classifi\u00e9(e)\"],\"inLanguage\":\"fr-FR\"},{\"@type\":\"WebPage\",\"@id\":\"https:\\\/\\\/ristorantesolferino.com\\\/fr\\\/pasqua-2024-a-torino-al-ristorante-solferino\\\/\",\"url\":\"https:\\\/\\\/ristorantesolferino.com\\\/fr\\\/pasqua-2024-a-torino-al-ristorante-solferino\\\/\",\"name\":\"Pasqua 2024 a Torino - Ristorante Solferino - Cucina Piemontese Torino\",\"isPartOf\":{\"@id\":\"https:\\\/\\\/ristorantesolferino.com\\\/fr\\\/#website\"},\"primaryImageOfPage\":{\"@id\":\"https:\\\/\\\/ristorantesolferino.com\\\/fr\\\/pasqua-2024-a-torino-al-ristorante-solferino\\\/#primaryimage\"},\"image\":{\"@id\":\"https:\\\/\\\/ristorantesolferino.com\\\/fr\\\/pasqua-2024-a-torino-al-ristorante-solferino\\\/#primaryimage\"},\"thumbnailUrl\":\"https:\\\/\\\/ristorantesolferino.com\\\/wp-content\\\/uploads\\\/Fontana.jpeg\",\"datePublished\":\"2024-03-29T07:45:53+00:00\",\"dateModified\":\"2025-11-05T11:35:05+00:00\",\"breadcrumb\":{\"@id\":\"https:\\\/\\\/ristorantesolferino.com\\\/fr\\\/pasqua-2024-a-torino-al-ristorante-solferino\\\/#breadcrumb\"},\"inLanguage\":\"fr-FR\",\"potentialAction\":[{\"@type\":\"ReadAction\",\"target\":[\"https:\\\/\\\/ristorantesolferino.com\\\/fr\\\/pasqua-2024-a-torino-al-ristorante-solferino\\\/\"]}]},{\"@type\":\"ImageObject\",\"inLanguage\":\"fr-FR\",\"@id\":\"https:\\\/\\\/ristorantesolferino.com\\\/fr\\\/pasqua-2024-a-torino-al-ristorante-solferino\\\/#primaryimage\",\"url\":\"https:\\\/\\\/ristorantesolferino.com\\\/wp-content\\\/uploads\\\/Fontana.jpeg\",\"contentUrl\":\"https:\\\/\\\/ristorantesolferino.com\\\/wp-content\\\/uploads\\\/Fontana.jpeg\",\"width\":1600,\"height\":974},{\"@type\":\"BreadcrumbList\",\"@id\":\"https:\\\/\\\/ristorantesolferino.com\\\/fr\\\/pasqua-2024-a-torino-al-ristorante-solferino\\\/#breadcrumb\",\"itemListElement\":[{\"@type\":\"ListItem\",\"position\":1,\"name\":\"Home\",\"item\":\"https:\\\/\\\/ristorantesolferino.com\\\/fr\\\/\"},{\"@type\":\"ListItem\",\"position\":2,\"name\":\"Pasqua 2024 a Torino\"}]},{\"@type\":\"WebSite\",\"@id\":\"https:\\\/\\\/ristorantesolferino.com\\\/fr\\\/#website\",\"url\":\"https:\\\/\\\/ristorantesolferino.com\\\/fr\\\/\",\"name\":\"Ristorante Solferino - Cucina Piemontese Torino\",\"description\":\"Il Tuo Ristorante nel Centro di Torino - Cucina Tipica Piemontese\",\"publisher\":{\"@id\":\"https:\\\/\\\/ristorantesolferino.com\\\/fr\\\/#organization\"},\"potentialAction\":[{\"@type\":\"SearchAction\",\"target\":{\"@type\":\"EntryPoint\",\"urlTemplate\":\"https:\\\/\\\/ristorantesolferino.com\\\/fr\\\/?s={search_term_string}\"},\"query-input\":{\"@type\":\"PropertyValueSpecification\",\"valueRequired\":true,\"valueName\":\"search_term_string\"}}],\"inLanguage\":\"fr-FR\"},{\"@type\":\"Organization\",\"@id\":\"https:\\\/\\\/ristorantesolferino.com\\\/fr\\\/#organization\",\"name\":\"Ristorante Solferino - Cucina Piemontese Torino\",\"url\":\"https:\\\/\\\/ristorantesolferino.com\\\/fr\\\/\",\"logo\":{\"@type\":\"ImageObject\",\"inLanguage\":\"fr-FR\",\"@id\":\"https:\\\/\\\/ristorantesolferino.com\\\/fr\\\/#\\\/schema\\\/logo\\\/image\\\/\",\"url\":\"https:\\\/\\\/ristorantesolferino.com\\\/wp-content\\\/uploads\\\/2017\\\/11\\\/logo-contatti.png\",\"contentUrl\":\"https:\\\/\\\/ristorantesolferino.com\\\/wp-content\\\/uploads\\\/2017\\\/11\\\/logo-contatti.png\",\"width\":262,\"height\":143,\"caption\":\"Ristorante Solferino - Cucina Piemontese Torino\"},\"image\":{\"@id\":\"https:\\\/\\\/ristorantesolferino.com\\\/fr\\\/#\\\/schema\\\/logo\\\/image\\\/\"},\"sameAs\":[\"https:\\\/\\\/www.facebook.com\\\/@ristorantesolferino\"]},{\"@type\":\"Person\",\"@id\":\"https:\\\/\\\/ristorantesolferino.com\\\/fr\\\/#\\\/schema\\\/person\\\/3f7ccaa4ec87696f81dac9951cef870b\",\"name\":\"Mario Antonaci\",\"image\":{\"@type\":\"ImageObject\",\"inLanguage\":\"fr-FR\",\"@id\":\"https:\\\/\\\/secure.gravatar.com\\\/avatar\\\/91abf594db6848f4d3311b9dc83f7d8e92ebd75a49dd92df33c78e7eedb9f5a9?s=96&d=mm&r=g\",\"url\":\"https:\\\/\\\/secure.gravatar.com\\\/avatar\\\/91abf594db6848f4d3311b9dc83f7d8e92ebd75a49dd92df33c78e7eedb9f5a9?s=96&d=mm&r=g\",\"contentUrl\":\"https:\\\/\\\/secure.gravatar.com\\\/avatar\\\/91abf594db6848f4d3311b9dc83f7d8e92ebd75a49dd92df33c78e7eedb9f5a9?s=96&d=mm&r=g\",\"caption\":\"Mario Antonaci\"}}]}<\/script>\n<!-- \/ Yoast SEO plugin. -->","yoast_head_json":{"title":"Pasqua 2024 a Torino - Ristorante Solferino - Cucina Piemontese Torino","robots":{"index":"index","follow":"follow","max-snippet":"max-snippet:-1","max-image-preview":"max-image-preview:large","max-video-preview":"max-video-preview:-1"},"canonical":"https:\/\/ristorantesolferino.com\/fr\/pasqua-2024-a-torino-al-ristorante-solferino\/","og_locale":"fr_FR","og_type":"article","og_title":"Pasqua 2024 a Torino - Ristorante Solferino - Cucina Piemontese Torino","og_description":"La Pasqua in Piemonte \u00e8 un evento che celebra non solo il significato religioso, ma anche la ricchezza e la diversit\u00e0 della cucina regionale e la voglia di riunirsi con gli affetti per momenti di spensieratezza e di allegria. Ma questo ponte pasquale rappresenter\u00e0 anche la possibilit\u00e0 di vedere mostre, visitare luoghi, ammirare opere. Per [&hellip;]","og_site_name":"Ristorante Solferino - Cucina Piemontese Torino","article_publisher":"https:\/\/www.facebook.com\/@ristorantesolferino","article_published_time":"2024-03-29T07:45:53+00:00","article_modified_time":"2025-11-05T11:35:05+00:00","og_image":[{"width":1600,"height":974,"url":"https:\/\/ristorantesolferino.com\/wp-content\/uploads\/Fontana.jpeg","type":"image\/jpeg"}],"author":"Mario Antonaci","twitter_card":"summary_large_image","twitter_misc":{"\u00c9crit par":"Mario Antonaci","Dur\u00e9e de lecture estim\u00e9e":"4 minutes"},"schema":{"@context":"https:\/\/schema.org","@graph":[{"@type":"Article","@id":"https:\/\/ristorantesolferino.com\/fr\/pasqua-2024-a-torino-al-ristorante-solferino\/#article","isPartOf":{"@id":"https:\/\/ristorantesolferino.com\/fr\/pasqua-2024-a-torino-al-ristorante-solferino\/"},"author":{"name":"Mario Antonaci","@id":"https:\/\/ristorantesolferino.com\/fr\/#\/schema\/person\/3f7ccaa4ec87696f81dac9951cef870b"},"headline":"Pasqua 2024 a Torino","datePublished":"2024-03-29T07:45:53+00:00","dateModified":"2025-11-05T11:35:05+00:00","mainEntityOfPage":{"@id":"https:\/\/ristorantesolferino.com\/fr\/pasqua-2024-a-torino-al-ristorante-solferino\/"},"wordCount":505,"publisher":{"@id":"https:\/\/ristorantesolferino.com\/fr\/#organization"},"image":{"@id":"https:\/\/ristorantesolferino.com\/fr\/pasqua-2024-a-torino-al-ristorante-solferino\/#primaryimage"},"thumbnailUrl":"https:\/\/ristorantesolferino.com\/wp-content\/uploads\/Fontana.jpeg","keywords":["Autoritratto Leonardo","Hayez","Pasqua 2024","Ristorante Solferino","Tim Burton","Torino","Venaria Reale"],"articleSection":["Non classifi\u00e9(e)"],"inLanguage":"fr-FR"},{"@type":"WebPage","@id":"https:\/\/ristorantesolferino.com\/fr\/pasqua-2024-a-torino-al-ristorante-solferino\/","url":"https:\/\/ristorantesolferino.com\/fr\/pasqua-2024-a-torino-al-ristorante-solferino\/","name":"Pasqua 2024 a Torino - Ristorante Solferino - Cucina Piemontese Torino","isPartOf":{"@id":"https:\/\/ristorantesolferino.com\/fr\/#website"},"primaryImageOfPage":{"@id":"https:\/\/ristorantesolferino.com\/fr\/pasqua-2024-a-torino-al-ristorante-solferino\/#primaryimage"},"image":{"@id":"https:\/\/ristorantesolferino.com\/fr\/pasqua-2024-a-torino-al-ristorante-solferino\/#primaryimage"},"thumbnailUrl":"https:\/\/ristorantesolferino.com\/wp-content\/uploads\/Fontana.jpeg","datePublished":"2024-03-29T07:45:53+00:00","dateModified":"2025-11-05T11:35:05+00:00","breadcrumb":{"@id":"https:\/\/ristorantesolferino.com\/fr\/pasqua-2024-a-torino-al-ristorante-solferino\/#breadcrumb"},"inLanguage":"fr-FR","potentialAction":[{"@type":"ReadAction","target":["https:\/\/ristorantesolferino.com\/fr\/pasqua-2024-a-torino-al-ristorante-solferino\/"]}]},{"@type":"ImageObject","inLanguage":"fr-FR","@id":"https:\/\/ristorantesolferino.com\/fr\/pasqua-2024-a-torino-al-ristorante-solferino\/#primaryimage","url":"https:\/\/ristorantesolferino.com\/wp-content\/uploads\/Fontana.jpeg","contentUrl":"https:\/\/ristorantesolferino.com\/wp-content\/uploads\/Fontana.jpeg","width":1600,"height":974},{"@type":"BreadcrumbList","@id":"https:\/\/ristorantesolferino.com\/fr\/pasqua-2024-a-torino-al-ristorante-solferino\/#breadcrumb","itemListElement":[{"@type":"ListItem","position":1,"name":"Home","item":"https:\/\/ristorantesolferino.com\/fr\/"},{"@type":"ListItem","position":2,"name":"Pasqua 2024 a Torino"}]},{"@type":"WebSite","@id":"https:\/\/ristorantesolferino.com\/fr\/#website","url":"https:\/\/ristorantesolferino.com\/fr\/","name":"Ristorante Solferino - Cucina Piemontese Torino","description":"Il Tuo Ristorante nel Centro di Torino - Cucina Tipica Piemontese","publisher":{"@id":"https:\/\/ristorantesolferino.com\/fr\/#organization"},"potentialAction":[{"@type":"SearchAction","target":{"@type":"EntryPoint","urlTemplate":"https:\/\/ristorantesolferino.com\/fr\/?s={search_term_string}"},"query-input":{"@type":"PropertyValueSpecification","valueRequired":true,"valueName":"search_term_string"}}],"inLanguage":"fr-FR"},{"@type":"Organization","@id":"https:\/\/ristorantesolferino.com\/fr\/#organization","name":"Ristorante Solferino - Cucina Piemontese Torino","url":"https:\/\/ristorantesolferino.com\/fr\/","logo":{"@type":"ImageObject","inLanguage":"fr-FR","@id":"https:\/\/ristorantesolferino.com\/fr\/#\/schema\/logo\/image\/","url":"https:\/\/ristorantesolferino.com\/wp-content\/uploads\/2017\/11\/logo-contatti.png","contentUrl":"https:\/\/ristorantesolferino.com\/wp-content\/uploads\/2017\/11\/logo-contatti.png","width":262,"height":143,"caption":"Ristorante Solferino - Cucina Piemontese Torino"},"image":{"@id":"https:\/\/ristorantesolferino.com\/fr\/#\/schema\/logo\/image\/"},"sameAs":["https:\/\/www.facebook.com\/@ristorantesolferino"]},{"@type":"Person","@id":"https:\/\/ristorantesolferino.com\/fr\/#\/schema\/person\/3f7ccaa4ec87696f81dac9951cef870b","name":"Mario Antonaci","image":{"@type":"ImageObject","inLanguage":"fr-FR","@id":"https:\/\/secure.gravatar.com\/avatar\/91abf594db6848f4d3311b9dc83f7d8e92ebd75a49dd92df33c78e7eedb9f5a9?s=96&d=mm&r=g","url":"https:\/\/secure.gravatar.com\/avatar\/91abf594db6848f4d3311b9dc83f7d8e92ebd75a49dd92df33c78e7eedb9f5a9?s=96&d=mm&r=g","contentUrl":"https:\/\/secure.gravatar.com\/avatar\/91abf594db6848f4d3311b9dc83f7d8e92ebd75a49dd92df33c78e7eedb9f5a9?s=96&d=mm&r=g","caption":"Mario Antonaci"}}]}},"_links":{"self":[{"href":"https:\/\/ristorantesolferino.com\/fr\/wp-json\/wp\/v2\/posts\/188077","targetHints":{"allow":["GET"]}}],"collection":[{"href":"https:\/\/ristorantesolferino.com\/fr\/wp-json\/wp\/v2\/posts"}],"about":[{"href":"https:\/\/ristorantesolferino.com\/fr\/wp-json\/wp\/v2\/types\/post"}],"author":[{"embeddable":true,"href":"https:\/\/ristorantesolferino.com\/fr\/wp-json\/wp\/v2\/users\/2"}],"replies":[{"embeddable":true,"href":"https:\/\/ristorantesolferino.com\/fr\/wp-json\/wp\/v2\/comments?post=188077"}],"version-history":[{"count":1,"href":"https:\/\/ristorantesolferino.com\/fr\/wp-json\/wp\/v2\/posts\/188077\/revisions"}],"predecessor-version":[{"id":188807,"href":"https:\/\/ristorantesolferino.com\/fr\/wp-json\/wp\/v2\/posts\/188077\/revisions\/188807"}],"wp:featuredmedia":[{"embeddable":true,"href":"https:\/\/ristorantesolferino.com\/fr\/wp-json\/wp\/v2\/media\/185367"}],"wp:attachment":[{"href":"https:\/\/ristorantesolferino.com\/fr\/wp-json\/wp\/v2\/media?parent=188077"}],"wp:term":[{"taxonomy":"category","embeddable":true,"href":"https:\/\/ristorantesolferino.com\/fr\/wp-json\/wp\/v2\/categories?post=188077"},{"taxonomy":"post_tag","embeddable":true,"href":"https:\/\/ristorantesolferino.com\/fr\/wp-json\/wp\/v2\/tags?post=188077"}],"curies":[{"name":"wp","href":"https:\/\/api.w.org\/{rel}","templated":true}]}}